{"id":127,"date":"2015-12-16T09:05:16","date_gmt":"2015-12-16T14:05:16","guid":{"rendered":"http:\/\/www.themeenergy.com\/themes\/wordpress\/social-chef\/?p=127"},"modified":"2016-10-26T04:21:45","modified_gmt":"2016-10-26T09:21:45","slug":"novena-dia-1","status":"publish","type":"post","link":"http:\/\/www.polloolympico.com\/recetas\/novena-dia-1\/","title":{"rendered":"Novena Pollo Olympico- D\u00eda 1"},"content":{"rendered":"<p><span style=\"color: #000000;\">Hoy inicia la \u00e9poca favorita del a\u00f1o para muchos colombianos. Las novenas son la excusa ideal para compartir con nuestros amigos y familia momentos especiales en torno a la adorada celebraci\u00f3n navide\u00f1a. Compartir una deliciosa\u00a0preparaci\u00f3n de pollo junto\u00a0con\u00a0natillas y bu\u00f1uelos es un cl\u00e1sico que nos encanta\u00a0repetir a\u00f1o tras a\u00f1o.\u00a0<\/span><\/p>\n<p><span style=\"color: #000000;\">Nuestra receta de Pitas de pollo con salsa de queso azul es ideal para compartir. Estas pitas son gourmet, deliciosas y muy sencillas de preparar. Son una gran idea si esta noche eres tu el anfitri\u00f3n de la primera novena del a\u00f1o.<\/span><\/p>\n<p><a href=\"http:\/\/www.polloolympico.com\/recetas\/archivo\/recipe\/pita-con-pollo-y-salsa-de-queso-azul\" target=\"_blank\">Haz click aqu\u00ed para ver la receta completa<\/a><\/p>\n<p><a href=\"http:\/\/www.polloolympico.com\/recetas\/wp-content\/uploads\/2015\/12\/dia11.png\"><img loading=\"lazy\" decoding=\"async\" class=\"alignnone size-full wp-image-500\" src=\"http:\/\/www.polloolympico.com\/recetas\/wp-content\/uploads\/2015\/12\/dia11.png\" alt=\"dia11\" width=\"275\" height=\"84\" \/><\/a><\/p>\n<p><a href=\"http:\/\/www.polloolympico.com\/recetas\/wp-content\/uploads\/2015\/12\/ORDEN-DIA.png\"><img loading=\"lazy\" decoding=\"async\" class=\"alignnone size-full wp-image-485\" src=\"http:\/\/www.polloolympico.com\/recetas\/wp-content\/uploads\/2015\/12\/ORDEN-DIA.png\" alt=\"ORDEN-DIA\" width=\"334\" height=\"96\" srcset=\"http:\/\/www.polloolympico.com\/recetas\/wp-content\/uploads\/2015\/12\/ORDEN-DIA.png 334w, http:\/\/www.polloolympico.com\/recetas\/wp-content\/uploads\/2015\/12\/ORDEN-DIA-300x86.png 300w\" sizes=\"auto, (max-width: 334px) 100vw, 334px\" \/><\/a><\/p>\n<p>1. Oraci\u00f3n para todos los d\u00edas<br \/>\n2. Consideraci\u00f3n del d\u00eda<br \/>\n3. Oraci\u00f3n a la Sant\u00edsima Virgen<br \/>\n4. Oraci\u00f3n a San Jos\u00e9<br \/>\n5. Gozos o Aspiraciones para la venida del Ni\u00f1o Jes\u00fas<br \/>\n6. Oraci\u00f3n al Ni\u00f1o Jes\u00fas<\/p>\n<p><a href=\"http:\/\/www.polloolympico.com\/recetas\/wp-content\/uploads\/2015\/12\/ORACION-TODOS-LOS-DIAS.png\"><img loading=\"lazy\" decoding=\"async\" class=\"alignnone size-full wp-image-483\" src=\"http:\/\/www.polloolympico.com\/recetas\/wp-content\/uploads\/2015\/12\/ORACION-TODOS-LOS-DIAS.png\" alt=\"ORACION-TODOS-LOS-DIAS\" width=\"770\" height=\"123\" srcset=\"http:\/\/www.polloolympico.com\/recetas\/wp-content\/uploads\/2015\/12\/ORACION-TODOS-LOS-DIAS.png 770w, http:\/\/www.polloolympico.com\/recetas\/wp-content\/uploads\/2015\/12\/ORACION-TODOS-LOS-DIAS-300x48.png 300w\" sizes=\"auto, (max-width: 770px) 100vw, 770px\" \/><\/a>Benign\u00edsimo Dios de infinita caridad, que tanto amasteis a los hombres, que les disteis en vuestro hijo la prenda de vuestro amor para que hecho hombre en las entra\u00f1as de una Virgen naciese en un pesebre para nuestra salud y remedio; yo, en nombre de todos los mortales, os doy infinitas gracias por tan soberano beneficio. En retorno de \u00e9l os ofrezco la pobreza, humildad y dem\u00e1s virtudes de vuestro hijo humanado, suplic\u00e1ndoos por sus divinos m\u00e9ritos, por las incomodidades en que naci\u00f3 y por las tiernas l\u00e1grimas que derram\u00f3 en el pesebre, que dispong\u00e1is nuestros corazones con humildad profunda, con amor encendido, con tal desprecio de todo lo terreno, para que Jes\u00fas reci\u00e9n nacido tenga en ellos su cuna y more eternamente. Am\u00e9n.<\/p>\n<p><a href=\"http:\/\/www.polloolympico.com\/recetas\/wp-content\/uploads\/2015\/12\/CONSD-DIA.png\"><img loading=\"lazy\" decoding=\"async\" class=\"alignnone size-full wp-image-487\" src=\"http:\/\/www.polloolympico.com\/recetas\/wp-content\/uploads\/2015\/12\/CONSD-DIA.png\" alt=\"CONSD-DIA\" width=\"770\" height=\"123\" srcset=\"http:\/\/www.polloolympico.com\/recetas\/wp-content\/uploads\/2015\/12\/CONSD-DIA.png 770w, http:\/\/www.polloolympico.com\/recetas\/wp-content\/uploads\/2015\/12\/CONSD-DIA-300x48.png 300w\" sizes=\"auto, (max-width: 770px) 100vw, 770px\" \/><\/a>En el principio de los tiempos, el Verbo reposaba en el seno de su Padre en lo m\u00e1s alto de los cielos: all\u00ed era la causa, a la par que el modelo, de toda creaci\u00f3n. En esas profundidades de una incalculable eternidad permanec\u00eda el Ni\u00f1o de Bel\u00e9n. All\u00ed es donde debemos datar la genealog\u00eda del Eterno que no tiene antepasados, y contemplar la vida de complacencia infinita que llevaba.<\/p>\n<p>La vida del Verbo Eterno en el seno de su Padre era una vida maravillosa y, sin embargo, misterio sublime, busca otra morada en una mansi\u00f3n creada. No era porque en su mansi\u00f3n eterna faltara algo a su infinita felicidad, sino porque su misericordia infinita anhelaba la redenci\u00f3n y la salvaci\u00f3n del g\u00e9nero humano, que sin \u00c9l no podr\u00eda verificarse.<\/p>\n<p>El pecado de Ad\u00e1n hab\u00eda ofendido a Dios y esa ofensa infinita no podr\u00eda ser perdonada sino por los m\u00e9ritos del mismo Dios. La raza de Ad\u00e1n hab\u00eda desobedecido y merecido un castigo eterno; era pues necesario para salvarla y satisfacer su culpa que Dios, sin dejar el cielo, tomara la forma del hombre sobre la tierra y con la obediencia a los designios de su Padre purgara aquellas desobediencia, ingratitud y rebeld\u00eda.<\/p>\n<p>Era necesario en las miras de su amor que tomara la forma, las debilidades e ignorancia sistem\u00e1tica del hombre, que creciera para darle crecimiento espiritual; que sufriera para ense\u00f1arle a morir a sus pasiones y a su orgullo, y por eso el Verbo Eterno, ardiendo en deseos de salvar al hombre, resolvi\u00f3 hacerse hombre tambi\u00e9n, y as\u00ed redimir al culpable.<\/p>\n<p><a href=\"http:\/\/www.polloolympico.com\/recetas\/wp-content\/uploads\/2015\/12\/VIRGEN.png\"><img loading=\"lazy\" decoding=\"async\" class=\"alignnone size-full wp-image-490\" src=\"http:\/\/www.polloolympico.com\/recetas\/wp-content\/uploads\/2015\/12\/VIRGEN.png\" alt=\"VIRGEN\" width=\"804\" height=\"123\" srcset=\"http:\/\/www.polloolympico.com\/recetas\/wp-content\/uploads\/2015\/12\/VIRGEN.png 804w, http:\/\/www.polloolympico.com\/recetas\/wp-content\/uploads\/2015\/12\/VIRGEN-300x46.png 300w\" sizes=\"auto, (max-width: 804px) 100vw, 804px\" \/><\/a><\/p>\n<p>Soberana Mar\u00eda, que por vuestras grandes virtudes, y especialmente por vuestra humildad, merecisteis que todo un Dios os escogiese por madre suya, os suplico que vos misma prepar\u00e9is y dispong\u00e1is mi alma, y la de todos los que en este tiempo hicieren esta novena, para el nacimiento espiritual de vuestro adorado Hijo.<\/p>\n<p>\u00a1Oh dulc\u00edsima Madre! Comunicadme algo del profundo recogimiento y divina ternura con que le aguardasteis vos, para que nos hag\u00e1is menos indignos de verle, amarle y adorarle por toda la eternidad. Am\u00e9n.<\/p>\n<p>Se reza el Avemar\u00eda tres veces<br \/>\nDios te salve Mar\u00eda llena eres de gracia el Se\u00f1or es contigo; bendita t\u00fa eres entre todas las mujeres, y bendito es el fruto de tu vientre, Jes\u00fas. Santa Mar\u00eda, Madre de Dios, ruega por nosotros, pecadores, ahora y en la ahora de nuestra muerte. Am\u00e9n<\/p>\n<p><a href=\"http:\/\/www.polloolympico.com\/recetas\/wp-content\/uploads\/2015\/12\/SANJOSE.png\"><img loading=\"lazy\" decoding=\"async\" class=\"alignnone size-full wp-image-489\" src=\"http:\/\/www.polloolympico.com\/recetas\/wp-content\/uploads\/2015\/12\/SANJOSE.png\" alt=\"SANJOSE\" width=\"804\" height=\"123\" srcset=\"http:\/\/www.polloolympico.com\/recetas\/wp-content\/uploads\/2015\/12\/SANJOSE.png 804w, http:\/\/www.polloolympico.com\/recetas\/wp-content\/uploads\/2015\/12\/SANJOSE-300x46.png 300w\" sizes=\"auto, (max-width: 804px) 100vw, 804px\" \/><\/a><\/p>\n<p>\u00a1Oh Sant\u00edsimo San Jos\u00e9! esposo de Mar\u00eda y padre adoptivo de Jes\u00fas. Infinitas gracias doy a Dios porque os escogi\u00f3 para tan altos ministerios y os adorn\u00f3 con todos los dones proporcionados a tan excelente grandeza.<br \/>\nOs ruego, por el amor que tuvisteis al Divino Ni\u00f1o, me abras\u00e9is en fervorosos deseos de verle y recibirle sacramentalmente, mientras en su divina esencia le veo y le gozo en el cielo. Am\u00e9n.<\/p>\n<p>Se reza el Padrenuestro una vez<br \/>\nPadre nuestro, que est\u00e1s en el cielo, santificado sea tu Nombre; venga a nosotros tu reino; h\u00e1gase tu voluntad en la tierra como en el cielo. Danos hoy nuestro pan de cada d\u00eda; perdona nuestras ofensas, como tambi\u00e9n nosotros perdonamos a los que nos ofenden; no nos dejes caer en la tentaci\u00f3n, y l\u00edbranos del mal. Am\u00e9n.<\/p>\n<p>Se reza el Avemar\u00eda una vez<br \/>\nDios te salve Mar\u00eda llena eres de gracia el Se\u00f1or es contigo; bendita t\u00fa eres entre todas las mujeres, y bendito es el fruto de tu vientre, Jes\u00fas. Santa Mar\u00eda, Madre de Dios, ruega por nosotros, pecadores, ahora y en la ahora de nuestra muerte. Am\u00e9n<\/p>\n<p>Se reza Gloria al Padre una vez<br \/>\nGloria al Padre, y al Hijo, y al Esp\u00edritu Santo. Como era en el principio, ahora y siempre, por los siglos de los siglos. Am\u00e9n.<\/p>\n<p><a href=\"http:\/\/www.polloolympico.com\/recetas\/wp-content\/uploads\/2015\/12\/asp2.png\"><img loading=\"lazy\" decoding=\"async\" class=\"alignnone size-large wp-image-498\" src=\"http:\/\/www.polloolympico.com\/recetas\/wp-content\/uploads\/2015\/12\/asp2-1024x96.png\" alt=\"asp2\" width=\"1024\" height=\"96\" srcset=\"http:\/\/www.polloolympico.com\/recetas\/wp-content\/uploads\/2015\/12\/asp2-1024x96.png 1024w, http:\/\/www.polloolympico.com\/recetas\/wp-content\/uploads\/2015\/12\/asp2-300x28.png 300w, http:\/\/www.polloolympico.com\/recetas\/wp-content\/uploads\/2015\/12\/asp2.png 1313w\" sizes=\"auto, (max-width: 1024px) 100vw, 1024px\" \/><\/a><\/p>\n<p>Dulce Jes\u00fas m\u00edo, mi ni\u00f1o adorado,<br \/>\n\u00a1Ven a nuestras almas!<br \/>\n\u00a1Ven no tardes tanto!<\/p>\n<p>\u00a1Oh sapiencia suma del Dios soberano,<br \/>\nque a infantil alcance te rebajas sacro!<br \/>\n\u00a1Oh, Divino Ni\u00f1o, ven para ense\u00f1arnos la prudencia que hace verdaderos sabios!<\/p>\n<p>\u00a1Ven a nuestras almas!<br \/>\n\u00a1Ven no tardes tanto!<\/p>\n<p>\u00a1Oh, Adonay potente, que a Mois\u00e9s hablando, de Israel al pueblo diste los mandatos! \u00a1Ah!, ven prontamente para rescatarnos. \u00a1Y que un ni\u00f1o d\u00e9bil muestre fuerte brazo!<\/p>\n<p>\u00a1Ven a nuestras almas!<br \/>\n\u00a1Ven no tardes tanto!<\/p>\n<p>\u00a1Oh, ra\u00edz sagrada de Jos\u00e9, que en lo alto<br \/>\npresenta al orbe tu fragante nardo!<br \/>\n\u00a1Dulc\u00edsimo Ni\u00f1o que has sido llamado<br \/>\nlirio de los valles, bella flor del campo!<\/p>\n<p>\u00a1Ven a nuestras almas!<br \/>\n\u00a1Ven no tardes tanto!<\/p>\n<p>\u00a1Llave de David que abre al desterrado<br \/>\nlas cerradas puertas del regio palacio!<br \/>\n\u00a1S\u00e1canos, oh, Ni\u00f1o, con tu blanda mano,<br \/>\nde la c\u00e1rcel triste que labr\u00f3 el pecado!<\/p>\n<p>\u00a1Ven a nuestras almas!<br \/>\n\u00a1Ven no tardes tanto!<\/p>\n<p>\u00a1Oh, lumbre de Oriente, sol de eternos rayos, que entre las tinieblas tu esplendor veamos! \u00a1Ni\u00f1o tan preciado, dicha del cristiano, luzca la sonrisa de tus dulces labios!<\/p>\n<p>\u00a1Ven a nuestras almas!<br \/>\n\u00a1Ven no tardes tanto!<\/p>\n<p>\u00a1Espejo sin mancha, Santo de los santos,<br \/>\nsin igual imagen del Dios soberano!<br \/>\n\u00a1Borra nuestras culpas, salva al desterrado y, en forma de Ni\u00f1o, da al m\u00edsero amparo!<\/p>\n<p>\u00a1Ven a nuestras almas!<br \/>\n\u00a1Ven no tardes tanto!<\/p>\n<p>\u00a1Rey de las naciones, Emmanuel preclaro, de Israel anhelo, pastor del reba\u00f1o! \u00a1Ni\u00f1o que apacientas con suave cayado ya la oveja arisca, ya el cordero manso!<\/p>\n<p>\u00a1Ven a nuestras almas!<br \/>\n\u00a1Ven no tardes tanto!<\/p>\n<p>\u00a1\u00c1branse los cielos y llueva de lo alto<br \/>\nbienhechor roc\u00edo como riego santo!<br \/>\n\u00a1Ven, hermoso Ni\u00f1o! \u00a1Ven, Dios humanado!, luce hermosa estrella, brota flor del campo.<\/p>\n<p>\u00a1Ven a nuestras almas!<br \/>\n\u00a1Ven no tardes tanto!<\/p>\n<p>\u00a1Ven que ya Mar\u00eda previene sus brazos<br \/>\ndo su ni\u00f1o vean en tiempo cercano!<br \/>\n\u00a1Ven que ya Jos\u00e9, con anhelo sacro,<br \/>\nse dispone a hacerse de tu amor sagrario!<\/p>\n<p>\u00a1Ven a nuestras almas!<br \/>\n\u00a1Ven no tardes tanto!<\/p>\n<p>\u00a1Del d\u00e9bil auxilio, del doliente amparo,<br \/>\nconsuelo del triste, luz del desterrado!<br \/>\n\u00a1Vida de mi vida, mi due\u00f1o adorado,<br \/>\nmi constante amigo, mi divino hermano!<\/p>\n<p>\u00a1Ven a nuestras almas!<br \/>\n\u00a1Ven no tardes tanto!<\/p>\n<p>\u00a1Te vean mis ojos de ti enamorados!<br \/>\n\u00a1Bese ya tus plantas, bese ya tus manos!<br \/>\nProsternado en tierra te tiendo los brazos, y a\u00fan m\u00e1s que mis frases, te dice mi llanto.<\/p>\n<p>\u00a1Ven a nuestras almas!<br \/>\n\u00a1Ven no tardes tanto!<\/p>\n<p>Ven, Salvador nuestro<br \/>\npor quien suspiramos.<\/p>\n<p>\u00a1Ven a nuestras almas!<br \/>\n\u00a1Ven no tardes tanto!<\/p>\n<p><a href=\"http:\/\/www.polloolympico.com\/recetas\/wp-content\/uploads\/2015\/12\/orajesus-1.png\"><img loading=\"lazy\" decoding=\"async\" class=\"alignnone size-full wp-image-719\" src=\"http:\/\/www.polloolympico.com\/recetas\/wp-content\/uploads\/2015\/12\/orajesus-1.png\" alt=\"orajesus\" width=\"607\" height=\"123\" srcset=\"http:\/\/www.polloolympico.com\/recetas\/wp-content\/uploads\/2015\/12\/orajesus-1.png 607w, http:\/\/www.polloolympico.com\/recetas\/wp-content\/uploads\/2015\/12\/orajesus-1-300x61.png 300w\" sizes=\"auto, (max-width: 607px) 100vw, 607px\" \/><\/a><\/p>\n<p>Acordaos, \u00a1oh dulc\u00edsimo Ni\u00f1o Jes\u00fas! que dijisteis a la venerable Margarita del Sant\u00edsimo Sacramento, y en persona suya a todos vuestros devotos, estas palabras tan consoladoras para nuestra pobre humanidad, agobiada y doliente: \u201cTodo lo que quieras pedir, p\u00eddelo por los m\u00e9ritos de mi infancia y nada te ser\u00e1 negado\u201d.<\/p>\n<p>Llenos de confianza en Vos, oh Jes\u00fas, que sois la misma verdad, venimos a exponeros toda nuestra miseria. Ayudadnos a llevar una vida santa, para conseguir una eternidad bienaventurada.<\/p>\n<p>Concedednos, por los m\u00e9ritos infinitos de vuestra encarnaci\u00f3n y de vuestra infancia, la gracia de la cual necesitamos tanto\u2026<\/p>\n<p>Nos entregamos a Vos, oh Ni\u00f1o omnipotente, seguros de que no quedar\u00e1 frustrada nuestra esperanza. Y de que, en virtud de vuestra divina promesa, acoger\u00e9is y despachar\u00e9is favorablemente nuestra s\u00faplica. Am\u00e9n.<\/p>\n","protected":false},"excerpt":{"rendered":"<p>Hoy inicia la \u00e9poca favorita del a\u00f1o para muchos colombianos. Las novenas son la excusa ideal para compartir con nuestros [&hellip;]<\/p>\n","protected":false},"author":1,"featured_media":476,"comment_status":"open","ping_status":"open","sticky":false,"template":"","format":"standard","meta":{"footnotes":""},"categories":[365],"tags":[],"class_list":["post-127","post","type-post","status-publish","format-standard","has-post-thumbnail","hentry","category-novenas"],"_links":{"self":[{"href":"http:\/\/www.polloolympico.com\/recetas\/wp-json\/wp\/v2\/posts\/127","targetHints":{"allow":["GET"]}}],"collection":[{"href":"http:\/\/www.polloolympico.com\/recetas\/wp-json\/wp\/v2\/posts"}],"about":[{"href":"http:\/\/www.polloolympico.com\/recetas\/wp-json\/wp\/v2\/types\/post"}],"author":[{"embeddable":true,"href":"http:\/\/www.polloolympico.com\/recetas\/wp-json\/wp\/v2\/users\/1"}],"replies":[{"embeddable":true,"href":"http:\/\/www.polloolympico.com\/recetas\/wp-json\/wp\/v2\/comments?post=127"}],"version-history":[{"count":13,"href":"http:\/\/www.polloolympico.com\/recetas\/wp-json\/wp\/v2\/posts\/127\/revisions"}],"predecessor-version":[{"id":732,"href":"http:\/\/www.polloolympico.com\/recetas\/wp-json\/wp\/v2\/posts\/127\/revisions\/732"}],"wp:featuredmedia":[{"embeddable":true,"href":"http:\/\/www.polloolympico.com\/recetas\/wp-json\/wp\/v2\/media\/476"}],"wp:attachment":[{"href":"http:\/\/www.polloolympico.com\/recetas\/wp-json\/wp\/v2\/media?parent=127"}],"wp:term":[{"taxonomy":"category","embeddable":true,"href":"http:\/\/www.polloolympico.com\/recetas\/wp-json\/wp\/v2\/categories?post=127"},{"taxonomy":"post_tag","embeddable":true,"href":"http:\/\/www.polloolympico.com\/recetas\/wp-json\/wp\/v2\/tags?post=127"}],"curies":[{"name":"wp","href":"https:\/\/api.w.org\/{rel}","templated":true}]}}