{"id":502,"date":"2015-12-17T11:00:34","date_gmt":"2015-12-17T16:00:34","guid":{"rendered":"http:\/\/www.polloolympico.com\/recetas\/?p=502"},"modified":"2016-10-26T04:14:34","modified_gmt":"2016-10-26T09:14:34","slug":"novena-pollo-olympico-dia-2","status":"publish","type":"post","link":"http:\/\/www.polloolympico.com\/recetas\/novena-pollo-olympico-dia-2\/","title":{"rendered":"Novena Pollo Olympico &#8211; D\u00eda 2"},"content":{"rendered":"<p>Para el segundo d\u00eda de la novena, nada m\u00e1s delicioso y memorable que unas alitas de Pollo Olympico en Salsa teriyaki.<\/p>\n<p>La salsa teriyaki se caracteriza por su sabor dulce y exquisito, perfecto para el paladar de todos. Es una buena idea acompa\u00f1arlas con bastones de zanahoria y apio para contrastar un poco el sabor dulce de la salsa. Tambi\u00e9n puedes complementar el plato con papas cu\u00f1a.<\/p>\n<p><a href=\"http:\/\/www.polloolympico.com\/recetas\/archivo\/recipe\/alas-de-pollo-en-salsa-teriyaki\">Encuentra la receta completa aqu\u00ed<\/a><\/p>\n<p><a href=\"http:\/\/www.polloolympico.com\/recetas\/wp-content\/uploads\/2015\/12\/DIA2-PO.png\"><img loading=\"lazy\" decoding=\"async\" class=\"alignnone wp-image-506\" src=\"http:\/\/www.polloolympico.com\/recetas\/wp-content\/uploads\/2015\/12\/DIA2-PO-1024x121.png\" alt=\"DIA2-PO\" width=\"906\" height=\"82\" \/><\/a><\/p>\n<p><a href=\"http:\/\/www.polloolympico.com\/recetas\/wp-content\/uploads\/2015\/12\/ordendeldia.png\"><img loading=\"lazy\" decoding=\"async\" class=\"alignnone size-medium wp-image-493\" src=\"http:\/\/www.polloolympico.com\/recetas\/wp-content\/uploads\/2015\/12\/ordendeldia-300x61.png\" alt=\"ordendeldia\" width=\"300\" height=\"61\" srcset=\"http:\/\/www.polloolympico.com\/recetas\/wp-content\/uploads\/2015\/12\/ordendeldia-300x61.png 300w, http:\/\/www.polloolympico.com\/recetas\/wp-content\/uploads\/2015\/12\/ordendeldia.png 607w\" sizes=\"auto, (max-width: 300px) 100vw, 300px\" \/><\/a><\/p>\n<p>1. Oraci\u00f3n para todos los d\u00edas<br \/>\n2. Consideraci\u00f3n del d\u00eda<br \/>\n3. Oraci\u00f3n a la Sant\u00edsima Virgen<br \/>\n4. Oraci\u00f3n a San Jos\u00e9<br \/>\n5. Gozos o Aspiraciones para la venida del Ni\u00f1o Jes\u00fas<br \/>\n6. Oraci\u00f3n al Ni\u00f1o Jes\u00fas<\/p>\n<p><a href=\"http:\/\/www.polloolympico.com\/recetas\/wp-content\/uploads\/2015\/12\/ORACION-TODOS-LOS-DIAS.png\"><img loading=\"lazy\" decoding=\"async\" class=\"alignnone size-medium wp-image-483\" src=\"http:\/\/www.polloolympico.com\/recetas\/wp-content\/uploads\/2015\/12\/ORACION-TODOS-LOS-DIAS-300x48.png\" alt=\"ORACION-TODOS-LOS-DIAS\" width=\"300\" height=\"48\" srcset=\"http:\/\/www.polloolympico.com\/recetas\/wp-content\/uploads\/2015\/12\/ORACION-TODOS-LOS-DIAS-300x48.png 300w, http:\/\/www.polloolympico.com\/recetas\/wp-content\/uploads\/2015\/12\/ORACION-TODOS-LOS-DIAS.png 770w\" sizes=\"auto, (max-width: 300px) 100vw, 300px\" \/><\/a><\/p>\n<p>Benign\u00edsimo Dios de infinita caridad, que tanto amasteis a los hombres, que les disteis en vuestro hijo la prenda de vuestro amor para que hecho hombre en las entra\u00f1as de una Virgen naciese en un pesebre para nuestra salud y remedio; yo, en nombre de todos los mortales, os doy infinitas gracias por tan soberano beneficio. En retorno de \u00c9l os ofrezco la pobreza, humildad y dem\u00e1s virtudes de vuestro hijo humanado, suplic\u00e1ndonos por sus divinos m\u00e9ritos, por las incomodidades en que naci\u00f3 y por las tiernas l\u00e1grimas que derramadas en el pesebre, que dispong\u00e1is nuestros corazones con humildad profunda, con amor encendido, con tal desprecio de todo lo terreno, para que Jes\u00fas reci\u00e9n nacido tenga en ellos su cuna y more eternamente. Am\u00e9n.<\/p>\n<p><a href=\"http:\/\/www.polloolympico.com\/recetas\/wp-content\/uploads\/2015\/12\/CONSD-DIA.png\"><img loading=\"lazy\" decoding=\"async\" class=\"alignnone size-medium wp-image-487\" src=\"http:\/\/www.polloolympico.com\/recetas\/wp-content\/uploads\/2015\/12\/CONSD-DIA-300x48.png\" alt=\"CONSD-DIA\" width=\"300\" height=\"48\" srcset=\"http:\/\/www.polloolympico.com\/recetas\/wp-content\/uploads\/2015\/12\/CONSD-DIA-300x48.png 300w, http:\/\/www.polloolympico.com\/recetas\/wp-content\/uploads\/2015\/12\/CONSD-DIA.png 770w\" sizes=\"auto, (max-width: 300px) 100vw, 300px\" \/><\/a><\/p>\n<p><a href=\"http:\/\/www.polloolympico.com\/recetas\/wp-content\/uploads\/2015\/12\/diasegundo.png\"><img loading=\"lazy\" decoding=\"async\" class=\"alignnone wp-image-508\" src=\"http:\/\/www.polloolympico.com\/recetas\/wp-content\/uploads\/2015\/12\/diasegundo.png\" alt=\"diasegundo\" width=\"156\" height=\"48\" \/><\/a><\/p>\n<p>El Verbo Eterno se halla a punto de tomar su naturaleza creada en la santa Casa de Nazaret, en donde viv\u00edan Mar\u00eda y Jos\u00e9. Cuando la sombra del secreto divino vino a deslizarse sobre ella, Mar\u00eda estaba sola sumida en la oraci\u00f3n. Pasaba las silenciosas horas de la noche en la uni\u00f3n m\u00e1s estrecha con Dios, y mientras oraba, el Verbo tom\u00f3 posesi\u00f3n de su morada creada.<\/p>\n<p>Sin embargo, no llego repentinamente; antes de presentarse envi\u00f3 un mensajero, que fue el Arc\u00e1ngel San Gabriel, para pedir a Mar\u00eda de parte de Dios su consentimiento para la encarnaci\u00f3n. El Creador no quiso efectuar este gran misterio sin la aprobaci\u00f3n de su criatura.<\/p>\n<p>Aquel momento fue solemne. Era potestativo en Mar\u00eda el rehusar&#8230; Con qu\u00e9 adorables delicias, con qu\u00e9 inefables complacencias aguardar\u00eda la Sant\u00edsima Trinidad a que Mar\u00eda abriera los labios y pronunciara el consentimiento que debi\u00f3 ser suave melod\u00eda para sus o\u00eddos, y con el cual se conformaba su profunda humildad a la omnipotente voluntad divina!<\/p>\n<p>La Virgen Inmaculada ha dado su asentimiento. El Arc\u00e1ngel ha desaparecido. Dios se ha revestido de una naturaleza creada; la voluntad eterna est\u00e1 cumplida y la creaci\u00f3n completa. El Verbo se ha hecho carne, y aunque todav\u00eda invisible para el mundo, habita ya entre los hombres que su inmenso amor ha venido a rescatar.<\/p>\n<p><a href=\"http:\/\/www.polloolympico.com\/recetas\/wp-content\/uploads\/2015\/12\/VIRGEN.png\"><img loading=\"lazy\" decoding=\"async\" class=\"alignnone size-medium wp-image-490\" src=\"http:\/\/www.polloolympico.com\/recetas\/wp-content\/uploads\/2015\/12\/VIRGEN-300x46.png\" alt=\"VIRGEN\" width=\"300\" height=\"46\" srcset=\"http:\/\/www.polloolympico.com\/recetas\/wp-content\/uploads\/2015\/12\/VIRGEN-300x46.png 300w, http:\/\/www.polloolympico.com\/recetas\/wp-content\/uploads\/2015\/12\/VIRGEN.png 804w\" sizes=\"auto, (max-width: 300px) 100vw, 300px\" \/><\/a><\/p>\n<p>Soberana Mar\u00eda, que por vuestras grandes virtudes, y especialmente por vuestra humildad, merecisteis que todo un Dios os escogiese por madre suya, os suplico que vos misma prepar\u00e1is y dispong\u00e1is mi alma, y la de todos los que en este tiempo hicieren esta novena, para el nacimiento espiritual de vuestro adorado Hijo.<\/p>\n<p>Oh dulc\u00edsima Madre! Comunicadme algo del profundo recogimiento y divina ternura con que le aguardasteis vos, para que nos hag\u00e1is menos indignos de verle, amarle y adorarle por toda la eternidad. Am\u00e9n.<\/p>\n<p>Se reza el Avemar\u00eda tres veces<\/p>\n<p>Dios te salve Mar\u00eda llena eres de gracia el Se\u00f1or es contigo; bendita tu eres entre todas las mujeres, y bendito es el fruto de tu vientre, Jes\u00fas. Santa Mar\u00eda, Madre de Dios, ruega por nosotros, pecadores, ahora y en la ahora de nuestra muerte. Am\u00e9n<\/p>\n<p><a href=\"http:\/\/www.polloolympico.com\/recetas\/wp-content\/uploads\/2015\/12\/SANJOSE.png\"><img loading=\"lazy\" decoding=\"async\" class=\"alignnone size-medium wp-image-489\" src=\"http:\/\/www.polloolympico.com\/recetas\/wp-content\/uploads\/2015\/12\/SANJOSE-300x46.png\" alt=\"SANJOSE\" width=\"300\" height=\"46\" srcset=\"http:\/\/www.polloolympico.com\/recetas\/wp-content\/uploads\/2015\/12\/SANJOSE-300x46.png 300w, http:\/\/www.polloolympico.com\/recetas\/wp-content\/uploads\/2015\/12\/SANJOSE.png 804w\" sizes=\"auto, (max-width: 300px) 100vw, 300px\" \/><\/a><\/p>\n<p>Oh Sant\u00edsimo San Jos\u00e9! esposo de Mar\u00eda y padre adoptivo de Jes\u0153s. Infinitas gracias doy a Dios porque os escogi\u00f3 para tan altos ministerios y os adorn\u00f3 con todos los dones proporcionados a tan excelente grandeza.<\/p>\n<p>Os ruego, por el amor que tuvisteis al Divino Ni\u00f1o, me abraz\u00e1is en fervorosos deseos de verle y recibirle sacramentalmente, mientras en su divina esencia le veo y le gozo en el cielo. Am\u00e9n.<\/p>\n<p>Se reza el Padrenuestro una vez<\/p>\n<p>Padre nuestro, que est\u00e1s en el cielo, santificado sea tu Nombre; venga a nosotros tu reino; h\u00e1gase tu voluntad en la tierra como en el cielo. Danos hoy nuestro pan de cada d\u00eda; perdona nuestras ofensas, como tambi\u00e9n nosotros perdonamos a los que nos ofenden; no nos dejes caer en la tentaci\u00f3n, y l\u00edbranos del mal. Am\u00e9n.<\/p>\n<p>Se reza el Avemar\u00eda una vez<\/p>\n<p>Dios te salve Mar\u00eda llena eres de gracia el Se\u00f1or es contigo; bendita tu eres entre todas las mujeres, y bendito es el fruto de tu vientre, Jes\u00fas. Santa Mar\u00eda, Madre de Dios, ruega por nosotros, pecadores, ahora y en la ahora de nuestra muerte. Am\u00e9n<\/p>\n<p>Se reza Gloria al Padre una vez<\/p>\n<p>Gloria al Padre, y al Hijo, y al Esp\u00edritu Santo. Como era en el principio, ahora y siempre, por los siglos de los siglos. Am\u00e9n.<\/p>\n<p><a href=\"http:\/\/www.polloolympico.com\/recetas\/wp-content\/uploads\/2015\/12\/asp2.png\"><img loading=\"lazy\" decoding=\"async\" class=\"alignnone wp-image-498\" src=\"http:\/\/www.polloolympico.com\/recetas\/wp-content\/uploads\/2015\/12\/asp2-1024x96.png\" alt=\"asp2\" width=\"514\" height=\"32\" \/><\/a><\/p>\n<p>Dulce Jes\u00fas m\u00edo, mi ni\u00f1o adorado,<br \/>\nVen a nuestras almas!<br \/>\nVen no tardes tanto!<\/p>\n<p>Oh sapiencia suma del Dios soberano,<br \/>\nque a infantil alcance te rebajas sacro!<br \/>\nOh, Divino Ni\u00f1o, ven para ense\u00f1arnos la prudencia que hace verdaderos sabios!<\/p>\n<p>Ven a nuestras almas!<br \/>\nVen no tardes tanto!<\/p>\n<p>Oh, Adonay potente, que a Mois\u00e9s hablando, de Israel al pueblo diste los mandatos! Oh!, ven prontamente para rescatarnos. Ay que un ni\u00f1o d\u00e9bil muestre fuerte brazo!<\/p>\n<p>Ven a nuestras almas!<br \/>\nVen no tardes tanto!<\/p>\n<p>Oh, sagrada de Jos\u00e9, que en lo alto<br \/>\npresenta al orbe tu fragante nardo!<br \/>\nDulc\u00edsimo ni\u00f1o que has sido llamado<br \/>\nlirio de los valles, bella flor del campo!<\/p>\n<p>Ven a nuestras almas!<br \/>\nVen no tardes tanto!<\/p>\n<p>Llave de David que abre al desterrado<br \/>\nlas cerradas puertas del regio palacio!<br \/>\nS\u00e1canos, oh, ni\u00f1o, con tu blanda mano,<br \/>\nde la c\u00e1rcel triste que labr\u00f3 el pecado!<\/p>\n<p>Ven a nuestras almas!<br \/>\nVen no tardes tanto!<\/p>\n<p>Oh, lumbre de Oriente, sol de eternos rayos, que entre las tinieblas tu esplendor veamos! Ni\u00f1o tan preciado, dicha del cristiano, luzca la sonrisa de tus dulces labios!<\/p>\n<p>Ven a nuestras almas!<br \/>\nVen no tardes tanto!<\/p>\n<p>Espejo sin mancha, Santo de los santos,<br \/>\nsin igual imagen del Dios soberano!<br \/>\nBorra nuestras culpas, salva al desterrado y, en forma de Ni\u00f1o, da al m\u00edsero amparo!<\/p>\n<p>Ven a nuestras almas!<br \/>\nVen no tardes tanto!<\/p>\n<p>Rey de las naciones, Emmanuel preclaro, de Israel anhelo, pastor del reba\u00f1o! Ni\u00f1o \u00a0que apacientas con suave cayado ya la oveja arisca, ya el cordero manso!<\/p>\n<p>Ven a nuestras almas!<br \/>\nVen no tardes tanto!<\/p>\n<p>\u00c1branse los cielos y llueva de lo alto<br \/>\nbienhechor roc\u00edo como riego santo!<br \/>\nVen, hermoso Ni\u00f1o! Ven, Dios humanado!, luce hermosa estrella, brota flor del campo.<\/p>\n<p>Ven a nuestras almas!<br \/>\nVen no tardes tanto!<\/p>\n<p>Ven que ya Mar\u00eda previene sus brazos<br \/>\nde su ni\u00f1o vean en tiempo cercano!<br \/>\nVen que ya Jos\u00e9, con anhelo sacro,<br \/>\nse dispone a hacerse de tu amor sagrario!<\/p>\n<p>Ven a nuestras almas!<br \/>\nVen no tardes tanto!<\/p>\n<p>Del d\u00e9bil auxilio, del doliente amparo,<br \/>\nconsuelo del triste, luz del desterrado!<br \/>\nVida de mi vida, mi due\u00f1o adorado,<br \/>\nmi constante amigo, mi divino hermano!<\/p>\n<p>Ven a nuestras almas!<br \/>\nVen no tardes tanto!<\/p>\n<p>Te vean mis ojos de ti enamorados!<br \/>\nBese ya tus plantas, bese ya tus manos!<br \/>\nProsternado en tierra te tiendo los brazos, y a\u00fan m\u00e1s que mis frases, te dice mi llanto.<\/p>\n<p>Ven a nuestras almas!<br \/>\nVen no tardes tanto!<\/p>\n<p>Ven, Salvador nuestro<br \/>\npor quien suspiramos.<\/p>\n<p>Ven a nuestras almas!<br \/>\nVen no tardes tanto!<\/p>\n<p><a href=\"http:\/\/www.polloolympico.com\/recetas\/wp-content\/uploads\/2015\/12\/orajesus-1.png\"><img loading=\"lazy\" decoding=\"async\" class=\"alignnone size-full wp-image-719\" src=\"http:\/\/www.polloolympico.com\/recetas\/wp-content\/uploads\/2015\/12\/orajesus-1.png\" alt=\"orajesus\" width=\"607\" height=\"123\" srcset=\"http:\/\/www.polloolympico.com\/recetas\/wp-content\/uploads\/2015\/12\/orajesus-1.png 607w, http:\/\/www.polloolympico.com\/recetas\/wp-content\/uploads\/2015\/12\/orajesus-1-300x61.png 300w\" sizes=\"auto, (max-width: 607px) 100vw, 607px\" \/><\/a><\/p>\n<p>Acordaos, Oh dulc\u00edsimo Ni\u00f1o Jesus! que dijisteis a la venerable Margarita del Sant\u00edsimo Sacramento, y en persona suya a todos vuestros devotos, estas palabras tan consoladoras para nuestra pobre humanidad, agobiada y doliente: Todo lo que quieras pedir, p\u00eddelo por los m\u00e9ritos de mi infancia y nada te ser\u00e1 negado.<\/p>\n<p>Llenos de confianza en Vos, oh Jes\u00fas, que sois la misma verdad, venimos a exponeros toda nuestra miseria. Ayudadnos a llevar una vida santa, para conseguir una eternidad bienaventurada.<\/p>\n<p>Concedednos, por los m\u00e9ritos infinitos de vuestra encarnaci\u00f3n y de vuestra infancia, la gracia de la cual necesitamos tanto.<\/p>\n<p>Nos entregamos a Vos, oh Ni\u00f1o omnipotente, seguros de que no quedar\u00e1 frustrada nuestra esperanza. Y de que, en virtud de vuestra divina promesa, acoger\u00e9is y despachar\u00e9is favorablemente nuestra s\u00faplica. Am\u00e9n.<\/p>\n","protected":false},"excerpt":{"rendered":"<p>Para el segundo d\u00eda de la novena, nada m\u00e1s delicioso y memorable que unas alitas de Pollo Olympico en Salsa [&hellip;]<\/p>\n","protected":false},"author":1,"featured_media":503,"comment_status":"open","ping_status":"open","sticky":false,"template":"","format":"standard","meta":{"footnotes":""},"categories":[365],"tags":[],"class_list":["post-502","post","type-post","status-publish","format-standard","has-post-thumbnail","hentry","category-novenas"],"_links":{"self":[{"href":"http:\/\/www.polloolympico.com\/recetas\/wp-json\/wp\/v2\/posts\/502","targetHints":{"allow":["GET"]}}],"collection":[{"href":"http:\/\/www.polloolympico.com\/recetas\/wp-json\/wp\/v2\/posts"}],"about":[{"href":"http:\/\/www.polloolympico.com\/recetas\/wp-json\/wp\/v2\/types\/post"}],"author":[{"embeddable":true,"href":"http:\/\/www.polloolympico.com\/recetas\/wp-json\/wp\/v2\/users\/1"}],"replies":[{"embeddable":true,"href":"http:\/\/www.polloolympico.com\/recetas\/wp-json\/wp\/v2\/comments?post=502"}],"version-history":[{"count":7,"href":"http:\/\/www.polloolympico.com\/recetas\/wp-json\/wp\/v2\/posts\/502\/revisions"}],"predecessor-version":[{"id":731,"href":"http:\/\/www.polloolympico.com\/recetas\/wp-json\/wp\/v2\/posts\/502\/revisions\/731"}],"wp:featuredmedia":[{"embeddable":true,"href":"http:\/\/www.polloolympico.com\/recetas\/wp-json\/wp\/v2\/media\/503"}],"wp:attachment":[{"href":"http:\/\/www.polloolympico.com\/recetas\/wp-json\/wp\/v2\/media?parent=502"}],"wp:term":[{"taxonomy":"category","embeddable":true,"href":"http:\/\/www.polloolympico.com\/recetas\/wp-json\/wp\/v2\/categories?post=502"},{"taxonomy":"post_tag","embeddable":true,"href":"http:\/\/www.polloolympico.com\/recetas\/wp-json\/wp\/v2\/tags?post=502"}],"curies":[{"name":"wp","href":"https:\/\/api.w.org\/{rel}","templated":true}]}}