{"id":568,"date":"2015-12-23T09:00:13","date_gmt":"2015-12-23T14:00:13","guid":{"rendered":"http:\/\/www.polloolympico.com\/recetas\/?p=568"},"modified":"2016-10-26T03:41:12","modified_gmt":"2016-10-26T08:41:12","slug":"novena-pollo-olympico-dia-8","status":"publish","type":"post","link":"http:\/\/www.polloolympico.com\/recetas\/novena-pollo-olympico-dia-8\/","title":{"rendered":"Novena Pollo Olympico &#8211; D\u00eda 8"},"content":{"rendered":"<p>En el octavo d\u00eda de la novena te sugerimos preparar nuestros cubos de pollo agridulce estilo oriental. Estos cubitos se caracterizan por tener la combinaci\u00f3n perfecta entre los sabores dulces y amargos que hace de este plato una preparaci\u00f3n brillante y apetitosa.<\/p>\n<p><a href=\"http:\/\/www.polloolympico.com\/recetas\/archivo\/recipe\/pollo-agridulce-estilo-oriental\" target=\"_blank\">VER LA RECETA COMPLETA<\/a><\/p>\n<p><a href=\"http:\/\/www.polloolympico.com\/recetas\/wp-content\/uploads\/2015\/12\/PO-DIA8.png\"><img loading=\"lazy\" decoding=\"async\" class=\"alignnone wp-image-573\" src=\"http:\/\/www.polloolympico.com\/recetas\/wp-content\/uploads\/2015\/12\/PO-DIA8-1024x121.png\" alt=\"PO-DIA8\" width=\"888\" height=\"93\" \/><\/a><\/p>\n<p><a href=\"http:\/\/www.polloolympico.com\/recetas\/wp-content\/uploads\/2015\/12\/ordendeldia.png\"><img loading=\"lazy\" decoding=\"async\" class=\"alignnone size-medium wp-image-493\" src=\"http:\/\/www.polloolympico.com\/recetas\/wp-content\/uploads\/2015\/12\/ordendeldia-300x61.png\" alt=\"ordendeldia\" width=\"300\" height=\"61\" srcset=\"http:\/\/www.polloolympico.com\/recetas\/wp-content\/uploads\/2015\/12\/ordendeldia-300x61.png 300w, http:\/\/www.polloolympico.com\/recetas\/wp-content\/uploads\/2015\/12\/ordendeldia.png 607w\" sizes=\"auto, (max-width: 300px) 100vw, 300px\" \/><\/a><\/p>\n<p>1. Oraci\u00f3n para todos los d\u2019as<br \/>\n2. Consideraci\u00f3n del d\u00eda<br \/>\n3. Oraci\u00f3n a la Sant\u00edsima Virgen<br \/>\n4. Oraci\u00f3n a San Jos\u00e9<br \/>\n5. Gozos o Aspiraciones para la venida del Ni\u00f1o Jes\u00fas<br \/>\n6. Oraci\u00f3n al Ni\u00f1o Jes\u00fas<\/p>\n<p><a href=\"http:\/\/www.polloolympico.com\/recetas\/wp-content\/uploads\/2015\/12\/ORACION-TODOS-LOS-DIAS.png\"><img loading=\"lazy\" decoding=\"async\" class=\"alignnone size-medium wp-image-483\" src=\"http:\/\/www.polloolympico.com\/recetas\/wp-content\/uploads\/2015\/12\/ORACION-TODOS-LOS-DIAS-300x48.png\" alt=\"ORACION-TODOS-LOS-DIAS\" width=\"300\" height=\"48\" srcset=\"http:\/\/www.polloolympico.com\/recetas\/wp-content\/uploads\/2015\/12\/ORACION-TODOS-LOS-DIAS-300x48.png 300w, http:\/\/www.polloolympico.com\/recetas\/wp-content\/uploads\/2015\/12\/ORACION-TODOS-LOS-DIAS.png 770w\" sizes=\"auto, (max-width: 300px) 100vw, 300px\" \/><\/a><\/p>\n<p>Benign\u00edsimo Dios de infinita caridad, que tanto amasteis a los hombres, que les disteis en vuestro hijo la prenda de vuestro amor para que hecho hombre en las entra\u00f1as de una Virgen naciese en un pesebre para nuestra salud y remedio; yo, en nombre de todos los mortales, os doy infinitas gracias por tan soberano beneficio. En retorno de \u00c9l os ofrezco la pobreza, humildad y dem\u00e1s virtudes de vuestro hijo humanado, suplic\u00e1ndonos por sus divinos m\u00e9ritos, por las incomodidades en que naci\u00f3 y por las tiernas l\u00e1grimas que derramadas en el pesebre, que dispong\u00e1is nuestros corazones con humildad profunda, con amor encendido, con tal desprecio de todo lo terreno, para que Jes\u00fas reci\u00e9n nacido tenga en ellos su cuna y more eternamente. Am\u00e9n.<\/p>\n<p><a href=\"http:\/\/www.polloolympico.com\/recetas\/wp-content\/uploads\/2015\/12\/CONSD-DIA.png\"><img loading=\"lazy\" decoding=\"async\" class=\"alignnone size-medium wp-image-487\" src=\"http:\/\/www.polloolympico.com\/recetas\/wp-content\/uploads\/2015\/12\/CONSD-DIA-300x48.png\" alt=\"CONSD-DIA\" width=\"300\" height=\"48\" srcset=\"http:\/\/www.polloolympico.com\/recetas\/wp-content\/uploads\/2015\/12\/CONSD-DIA-300x48.png 300w, http:\/\/www.polloolympico.com\/recetas\/wp-content\/uploads\/2015\/12\/CONSD-DIA.png 770w\" sizes=\"auto, (max-width: 300px) 100vw, 300px\" \/><\/a><\/p>\n<p><a href=\"http:\/\/www.polloolympico.com\/recetas\/wp-content\/uploads\/2015\/12\/diaoctavo.png\"><img loading=\"lazy\" decoding=\"async\" class=\"alignnone wp-image-571\" src=\"http:\/\/www.polloolympico.com\/recetas\/wp-content\/uploads\/2015\/12\/diaoctavo.png\" alt=\"diaoctavo\" width=\"237\" height=\"64\" \/><\/a><\/p>\n<p>Llegan a Bel\u00e9n Jos\u00e9 y Mar\u00eda buscando hospedaje en las posadas, pero no encuentran, ya por hallarse todas ocupadas, ya porque se les desecha a causa de su pobreza. Pero nada puede turbar la paz interior de los que est\u2021n fijos en Dios.<\/p>\n<p>Si Jos\u00e9 experimentaba tristeza cuando era rechazado de casa en casa porque pensaba en Mar\u00eda y en el Ni\u00f1o, sonre\u00eda tambi\u00e9n con santa tranquilidad cuando fijaba la mirada en su casta esposa. El ni\u00f1o a\u00fan no nacido se regocijaba de aquellas negativas que eran el preludio de sus humillaciones venideras. El ruido de cada puerta que se cerraba ante ellos era una dulce melod\u00eda para sus o\u00eddos. Eso era lo que hab\u00eda venido a buscar. El deseo de esas humillaciones era lo que hab\u00eda contribuido a hacerle tomar forma humana. Oh, Divino Ni\u00f1o de Bel\u00e9n!, estos d\u00edas que tantos han pasado en fiestas y diversiones o descansando muellemente en c\u00f3modas y ricas mansiones, han sido para tus padres de fatiga y vejaciones de toda clase. Ay!, el esp\u00edritu de Bel\u00e9n es el de un mundo que ha olvidado a Dios. Cu\u00e1ntas veces no ha sido tambi\u00e9n el nuestro!<\/p>\n<p>Se pone el sol el 24 de diciembre detr\u00e1s de los tejados de Bel\u00e9n y sus \u00faltimos rayos doran la cima de las rocas escarpadas que lo rodean. Hombres groseros codean rudamente al Se\u00f1or en las calles de aquella aldea oriental y cierran sus puertas al ver a su Madre. La b\u00f3veda de los cielos aparece purpurina por encima de aquellas colinas frecuentadas por los pastores. Las estrellas van apareciendo unas tras otras. Algunas horas m\u00e1s y aparecer\u2021 el Verbo Eterno.<\/p>\n<p><a href=\"http:\/\/www.polloolympico.com\/recetas\/wp-content\/uploads\/2015\/12\/VIRGEN.png\"><img loading=\"lazy\" decoding=\"async\" class=\"alignnone size-medium wp-image-490\" src=\"http:\/\/www.polloolympico.com\/recetas\/wp-content\/uploads\/2015\/12\/VIRGEN-300x46.png\" alt=\"VIRGEN\" width=\"300\" height=\"46\" srcset=\"http:\/\/www.polloolympico.com\/recetas\/wp-content\/uploads\/2015\/12\/VIRGEN-300x46.png 300w, http:\/\/www.polloolympico.com\/recetas\/wp-content\/uploads\/2015\/12\/VIRGEN.png 804w\" sizes=\"auto, (max-width: 300px) 100vw, 300px\" \/><\/a><\/p>\n<p>Soberana Mar\u00eda, que por vuestras grandes virtudes, y especialmente por vuestra humildad, merecisteis que todo un Dios os escogiese por madre suya, os suplico que vos misma prepar\u00e1is y dispong\u00e1is mi alma, y la de todos los que en este tiempo hicieren esta novena, para el nacimiento espiritual de vuestro adorado Hijo.<\/p>\n<p>Oh dulc\u00edsima Madre! Comunicadme algo del profundo recogimiento y divina ternura con que le aguardasteis vos, para que nos hag\u00e1is menos indignos de verle, amarle y adorarle por toda la eternidad. Am\u00e9n.<\/p>\n<p>Se reza el Avemar\u00eda tres veces<br \/>\nDios te salve Mar\u00eda llena eres de gracia el Se\u00f1or es contigo; bendita t\u0153 eres entre todas las mujeres, y bendito es el fruto de tu vientre, Jes\u00fas. Santa Mar\u00eda, Madre de Dios, ruega por nosotros, pecadores, ahora y en la ahora de nuestra muerte. Am\u00e9n<\/p>\n<p><a href=\"http:\/\/www.polloolympico.com\/recetas\/wp-content\/uploads\/2015\/12\/SANJOSE.png\"><img loading=\"lazy\" decoding=\"async\" class=\"alignnone size-medium wp-image-489\" src=\"http:\/\/www.polloolympico.com\/recetas\/wp-content\/uploads\/2015\/12\/SANJOSE-300x46.png\" alt=\"SANJOSE\" width=\"300\" height=\"46\" srcset=\"http:\/\/www.polloolympico.com\/recetas\/wp-content\/uploads\/2015\/12\/SANJOSE-300x46.png 300w, http:\/\/www.polloolympico.com\/recetas\/wp-content\/uploads\/2015\/12\/SANJOSE.png 804w\" sizes=\"auto, (max-width: 300px) 100vw, 300px\" \/><\/a><\/p>\n<p>&nbsp;<\/p>\n<p>Oh Sant\u00edsimo San Jos\u00e9! esposo de Mar\u00eda y padre adoptivo de Jes\u0153s. Infinitas gracias doy a Dios porque os escogi\u00f3 para tan altos ministerios y os adorn\u00f3 con todos los dones proporcionados a tan excelente grandeza.<br \/>\nOs ruego, por el amor que tuvisteis al Divino Ni\u00f1o, me abraz\u00e1is en fervorosos deseos de verle y recibirle sacramentalmente, mientras en su divina esencia le veo y le gozo en el cielo. Am\u00e9n.<\/p>\n<p>Se reza el Padrenuestro una vez<br \/>\nPadre nuestro, que est\u00e1s en el cielo, santificado sea tu Nombre; venga a nosotros tu reino; h\u00e1gase tu voluntad en la tierra como en el cielo. Danos hoy nuestro pan de cada d\u00eda; perdona nuestras ofensas, como tambi\u00e9n nosotros perdonamos a los que nos ofenden; no nos dejes caer en la tentaci\u00f3n, y l\u00edbranos del mal. Am\u00e9n.<\/p>\n<p>Se reza el Avemar\u00eda una vez<br \/>\nDios te salve Mar\u2019a llena eres de gracia el Se\u00f1or es contigo; bendita tu eres entre todas las mujeres, y bendito es el fruto de tu vientre, Jes\u00fas. Santa Mar\u00eda, Madre de Dios, ruega por nosotros, pecadores, ahora y en la ahora de nuestra muerte. Am\u00e9n<\/p>\n<p>Se reza Gloria al Padre una vez<br \/>\nGloria al Padre, y al Hijo, y al Esp\u00edritu Santo. Como era en el principio, ahora y siempre, por los siglos de los siglos. Am\u00e9n.<\/p>\n<p>&nbsp;<\/p>\n<p><a href=\"http:\/\/www.polloolympico.com\/recetas\/wp-content\/uploads\/2015\/12\/asp2.png\"><img loading=\"lazy\" decoding=\"async\" class=\"alignnone wp-image-498\" src=\"http:\/\/www.polloolympico.com\/recetas\/wp-content\/uploads\/2015\/12\/asp2-1024x96.png\" alt=\"asp2\" width=\"514\" height=\"32\" \/><\/a><\/p>\n<p>&nbsp;<\/p>\n<p>Dulce Jes\u00fas m\u00edo, mi ni\u00f1o adorado,<br \/>\nVen a nuestras almas!<br \/>\nVen no tardes tanto!<\/p>\n<p>Oh sapiencia suma del Dios soberano,<br \/>\nque a infantil alcance te rebajas sacro!<br \/>\nOh, Divino Ni\u00f1o, ven para ense\u00f1arnos la prudencia que hace verdaderos sabios!<\/p>\n<p>Ven a nuestras almas!<br \/>\nVen no tardes tanto!<\/p>\n<p>Oh, Adonay potente, que a Mois\u00e9s hablando, de Israel al pueblo diste los mandatos! Oh!, ven prontamente para rescatarnos. Ay que un ni\u00f1o d\u00e9bil muestre fuerte brazo!<\/p>\n<p>Ven a nuestras almas!<br \/>\nVen no tardes tanto!<\/p>\n<p>Oh, sagrada de Jos\u00e9, que en lo alto<br \/>\npresenta al orbe tu fragante nardo!<br \/>\nDulc\u00edsimo ni\u00f1o que has sido llamado<br \/>\nlirio de los valles, bella flor del campo!<\/p>\n<p>Ven a nuestras almas!<br \/>\nVen no tardes tanto!<\/p>\n<p>Llave de David que abre al desterrado<br \/>\nlas cerradas puertas del regio palacio!<br \/>\nS\u00e1canos, oh, ni\u00f1o, con tu blanda mano,<br \/>\nde la c\u00e1rcel triste que labr\u00f3 el pecado!<\/p>\n<p>Ven a nuestras almas!<br \/>\nVen no tardes tanto!<\/p>\n<p>Oh, lumbre de Oriente, sol de eternos rayos, que entre las tinieblas tu esplendor veamos! Ni\u00f1o tan preciado, dicha del cristiano, luzca la sonrisa de tus dulces labios!<\/p>\n<p>Ven a nuestras almas!<br \/>\nVen no tardes tanto!<\/p>\n<p>Espejo sin mancha, Santo de los santos,<br \/>\nsin igual imagen del Dios soberano!<br \/>\nBorra nuestras culpas, salva al desterrado y, en forma de Ni\u00f1o, da al m\u00edsero amparo!<\/p>\n<p>Ven a nuestras almas!<br \/>\nVen no tardes tanto!<\/p>\n<p>Rey de las naciones, Emmanuel preclaro, de Israel anhelo, pastor del reba\u00f1o! Ni\u00f1o \u00a0que apacientas con suave cayado ya la oveja arisca, ya el cordero manso!<\/p>\n<p>Ven a nuestras almas!<br \/>\nVen no tardes tanto!<\/p>\n<p>\u00c1branse los cielos y llueva de lo alto<br \/>\nbienhechor roc\u00edo como riego santo!<br \/>\nVen, hermoso Ni\u00f1o! Ven, Dios humanado!, luce hermosa estrella, brota flor del campo.<\/p>\n<p>Ven a nuestras almas!<br \/>\nVen no tardes tanto!<\/p>\n<p>Ven que ya Mar\u00eda previene sus brazos<br \/>\nde su ni\u00f1o vean en tiempo cercano!<br \/>\nVen que ya Jos\u00e9, con anhelo sacro,<br \/>\nse dispone a hacerse de tu amor sagrario!<\/p>\n<p>Ven a nuestras almas!<br \/>\nVen no tardes tanto!<\/p>\n<p>Del d\u00e9bil auxilio, del doliente amparo,<br \/>\nconsuelo del triste, luz del desterrado!<br \/>\nVida de mi vida, mi due\u00f1o adorado,<br \/>\nmi constante amigo, mi divino hermano!<\/p>\n<p>Ven a nuestras almas!<br \/>\nVen no tardes tanto!<\/p>\n<p>Te vean mis ojos de ti enamorados!<br \/>\nBese ya tus plantas, bese ya tus manos!<br \/>\nProsternado en tierra te tiendo los brazos, y a\u00fan m\u00e1s que mis frases, te dice mi llanto.<\/p>\n<p>Ven a nuestras almas!<br \/>\nVen no tardes tanto!<\/p>\n<p>Ven, Salvador nuestro<br \/>\npor quien suspiramos.<\/p>\n<p>Ven a nuestras almas!<br \/>\nVen no tardes tanto!<\/p>\n<p><a href=\"http:\/\/www.polloolympico.com\/recetas\/wp-content\/uploads\/2015\/12\/orajesus-1.png\"><img loading=\"lazy\" decoding=\"async\" class=\"alignnone size-full wp-image-719\" src=\"http:\/\/www.polloolympico.com\/recetas\/wp-content\/uploads\/2015\/12\/orajesus-1.png\" alt=\"orajesus\" width=\"607\" height=\"123\" srcset=\"http:\/\/www.polloolympico.com\/recetas\/wp-content\/uploads\/2015\/12\/orajesus-1.png 607w, http:\/\/www.polloolympico.com\/recetas\/wp-content\/uploads\/2015\/12\/orajesus-1-300x61.png 300w\" sizes=\"auto, (max-width: 607px) 100vw, 607px\" \/><\/a><\/p>\n<p>Acordaos, Oh dulc\u00edsimo Ni\u00f1o Jesus! que dijisteis a la venerable Margarita del Sant\u00edsimo Sacramento, y en persona suya a todos vuestros devotos, estas palabras tan consoladoras para nuestra pobre humanidad, agobiada y doliente: Todo lo que quieras pedir, p\u00eddelo por los m\u00e9ritos de mi infancia y nada te ser\u00e1 negado.<\/p>\n<p>Llenos de confianza en Vos, oh Jes\u0153s, que sois la misma verdad, venimos a exponeros toda nuestra miseria. Ayudadnos a llevar una vida santa, para conseguir una eternidad bienaventurada.<\/p>\n<p>Concedednos, por los m\u00e9ritos infinitos de vuestra encarnaci\u00f3n y de vuestra infancia, la gracia de la cual necesitamos tanto.<\/p>\n<p>Nos entregamos a Vos, oh Ni\u00f1o omnipotente, seguros de que no quedar\u00e1 frustrada nuestra esperanza. Y de que, en virtud de vuestra divina promesa, acoger\u00e9is y despachar\u00e9is favorablemente nuestra s\u00faplica. Am\u00e9n.<\/p>\n","protected":false},"excerpt":{"rendered":"<p>En el octavo d\u00eda de la novena te sugerimos preparar nuestros cubos de pollo agridulce estilo oriental. Estos cubitos se [&hellip;]<\/p>\n","protected":false},"author":1,"featured_media":569,"comment_status":"open","ping_status":"open","sticky":false,"template":"","format":"standard","meta":{"footnotes":""},"categories":[365],"tags":[],"class_list":["post-568","post","type-post","status-publish","format-standard","has-post-thumbnail","hentry","category-novenas"],"_links":{"self":[{"href":"http:\/\/www.polloolympico.com\/recetas\/wp-json\/wp\/v2\/posts\/568","targetHints":{"allow":["GET"]}}],"collection":[{"href":"http:\/\/www.polloolympico.com\/recetas\/wp-json\/wp\/v2\/posts"}],"about":[{"href":"http:\/\/www.polloolympico.com\/recetas\/wp-json\/wp\/v2\/types\/post"}],"author":[{"embeddable":true,"href":"http:\/\/www.polloolympico.com\/recetas\/wp-json\/wp\/v2\/users\/1"}],"replies":[{"embeddable":true,"href":"http:\/\/www.polloolympico.com\/recetas\/wp-json\/wp\/v2\/comments?post=568"}],"version-history":[{"count":8,"href":"http:\/\/www.polloolympico.com\/recetas\/wp-json\/wp\/v2\/posts\/568\/revisions"}],"predecessor-version":[{"id":725,"href":"http:\/\/www.polloolympico.com\/recetas\/wp-json\/wp\/v2\/posts\/568\/revisions\/725"}],"wp:featuredmedia":[{"embeddable":true,"href":"http:\/\/www.polloolympico.com\/recetas\/wp-json\/wp\/v2\/media\/569"}],"wp:attachment":[{"href":"http:\/\/www.polloolympico.com\/recetas\/wp-json\/wp\/v2\/media?parent=568"}],"wp:term":[{"taxonomy":"category","embeddable":true,"href":"http:\/\/www.polloolympico.com\/recetas\/wp-json\/wp\/v2\/categories?post=568"},{"taxonomy":"post_tag","embeddable":true,"href":"http:\/\/www.polloolympico.com\/recetas\/wp-json\/wp\/v2\/tags?post=568"}],"curies":[{"name":"wp","href":"https:\/\/api.w.org\/{rel}","templated":true}]}}